{"id":18956,"date":"2026-04-29T21:40:36","date_gmt":"2026-04-29T21:40:36","guid":{"rendered":"https:\/\/uncav-vienna.org\/?p=18956"},"modified":"2026-04-29T21:47:31","modified_gmt":"2026-04-29T21:47:31","slug":"generationen-im-dialog-das-youth-changemakers-forum-staerkt-die-generationenuebergreifende-zusammenarbeit-fuer-die-sdgs-in-wien","status":"publish","type":"post","link":"https:\/\/uncav-vienna.org\/?p=18956","title":{"rendered":"Generationen im Dialog: Das YOUTH CHANGEMAKERS FORUM st\u00e4rkt die generationen\u00fcbergreifende Zusammenarbeit f\u00fcr die SDGs in Wien"},"content":{"rendered":"<p><span style=\"font-size: 14pt;\"><img loading=\"lazy\" decoding=\"async\" class=\"wp-image-18958 size-full aligncenter\" src=\"http:\/\/uncav-vienna.org\/wp-content\/uploads\/2026\/04\/Generationen-1.png\" alt=\"\" width=\"521\" height=\"486\" srcset=\"https:\/\/uncav-vienna.org\/wp-content\/uploads\/2026\/04\/Generationen-1.png 521w, https:\/\/uncav-vienna.org\/wp-content\/uploads\/2026\/04\/Generationen-1-300x280.png 300w\" sizes=\"(max-width: 521px) 100vw, 521px\" \/><\/span><\/p>\n<p><span style=\"font-size: 14pt;\">Das\u00a0Youth Changemakers Forum (YCF) 2.0\u00a0verwandelte das B\u00fcro der Vereinten Nationen in Wien in ein Labor f\u00fcr generationen\u00fcbergreifende Innovation und brachte rund 160 junge F\u00fchrungskr\u00e4fte, Fachleute, P\u00e4dagoginnen und P\u00e4dagogen sowie Aktivistinnen und Aktivisten aus 32 L\u00e4ndern zusammen, um zu er\u00f6rtern, wie die Zusammenarbeit zwischen verschiedenen Generationen die Umsetzung der Ziele f\u00fcr nachhaltige Entwicklung (SDGs) der Agenda 2030 beschleunigen kann.<\/span><br \/>\n<span style=\"font-size: 14pt;\">Unter dem Motto\u00a0\u201eGenerations in Dialogue\u201c\u00a0f\u00f6rderte die Veranstaltung, die in einem hybriden Format organisiert wurde, den Austausch von Perspektiven zwischen Teilnehmenden mit unterschiedlichen Hintergr\u00fcnden und hob die Bedeutung von Zusammenarbeit als Motor f\u00fcr Ma\u00dfnahmen zur Bew\u00e4ltigung globaler Herausforderungen hervor. Die Veranstaltung fand am 27. Februar statt.<\/span><br \/>\n<span style=\"font-size: 14pt;\">\u201eYCF 2.0 hat einen gemeinsamen Raum geschaffen, in dem junge F\u00fchrungskr\u00e4fte und erfahrene Fachleute zusammenarbeiteten, um praktische Antworten auf globale Herausforderungen zu entwickeln\u201c, sagte\u00a0Aieshah Balmori, Co-Leiterin des Projekts. Die philippinische Forscherin betonte, dass diese Form der Zusammenarbeit \u201enicht optional, sondern entscheidend ist, um von der Diskussion zum Handeln zu gelangen\u201c.<\/span><\/p>\n<p><span style=\"font-size: 14pt;\"><img loading=\"lazy\" decoding=\"async\" class=\"size-full wp-image-18959 aligncenter\" src=\"http:\/\/uncav-vienna.org\/wp-content\/uploads\/2026\/04\/Generationen-2.png\" alt=\"\" width=\"520\" height=\"333\" srcset=\"https:\/\/uncav-vienna.org\/wp-content\/uploads\/2026\/04\/Generationen-2.png 520w, https:\/\/uncav-vienna.org\/wp-content\/uploads\/2026\/04\/Generationen-2-300x192.png 300w\" sizes=\"(max-width: 520px) 100vw, 520px\" \/><\/span><\/p>\n<p><span style=\"font-size: 14pt;\"><strong>Ein globaler Raum f\u00fcr Austausch<\/strong><\/span><br \/>\n<span style=\"font-size: 14pt;\">Das Forum, organisiert vom\u00a0European Network of Filipino Diaspora (ENFiD), brachte Teilnehmende aus Europa, Asien, Afrika und Amerika zusammen. Die Initiative wurde in Zusammenarbeit mit verschiedenen internationalen Organisationen durchgef\u00fchrt und erhielt finanzielle Unterst\u00fctzung von der Europ\u00e4ischen Union im Rahmen des Projekts \u00a0Innov8peace.<\/span><br \/>\n<span style=\"font-size: 14pt;\">W\u00e4hrend der Er\u00f6ffnung betonte\u00a0DI Abdallah Sharief, Pr\u00e4sident der\u00a0United Nations Correspondents Association Vienna (UNCAV), den Wert, aufstrebende und etablierte Akteure in einem gemeinsamen Raum zusammenzubringen. Er hob hervor, dass fast zwei Drittel der Teilnehmenden zwischen 15 und 34 Jahre alt waren.<\/span><\/p>\n<p><span style=\"font-size: 14pt;\"><img loading=\"lazy\" decoding=\"async\" class=\"size-full wp-image-18960 aligncenter\" src=\"http:\/\/uncav-vienna.org\/wp-content\/uploads\/2026\/04\/Generationen-3.png\" alt=\"\" width=\"520\" height=\"481\" srcset=\"https:\/\/uncav-vienna.org\/wp-content\/uploads\/2026\/04\/Generationen-3.png 520w, https:\/\/uncav-vienna.org\/wp-content\/uploads\/2026\/04\/Generationen-3-300x278.png 300w\" sizes=\"(max-width: 520px) 100vw, 520px\" \/><\/span><\/p>\n<p><span style=\"font-size: 14pt;\"><strong>Billy Batware<\/strong>, Programmbeauftragter beim B\u00fcro der Vereinten Nationen f\u00fcr Drogen- und Verbrechensbek\u00e4mpfung (UNODC), erl\u00e4uterte seinerseits, wie generationen\u00fcbergreifende Zusammenarbeit dazu beitragen kann, aufkommende Herausforderungen wie Cyberkriminalit\u00e4t zu bew\u00e4ltigen. Dabei betonte er die Notwendigkeit, digitale Verantwortung zu st\u00e4rken und die Resilienz gegen\u00fcber Online-Bedrohungen zu erh\u00f6hen.<\/span><br \/>\n<span style=\"font-size: 14pt;\"><strong>Technologie mit menschlichem Fokus<\/strong><\/span><br \/>\n<span style=\"font-size: 14pt;\">Die thematischen Sitzungen und Workshops legten besonderen Wert auf eine kritische Auseinandersetzung mit neuen Technologien, insbesondere mit k\u00fcnstlicher Intelligenz (KI).\u00a0<strong>Adriana Dergam<\/strong>, Projektdirektorin des \u00a0Prague Centre for Media Skills, warnte, dass KI nicht neutral sei und verantwortungsvoll gesteuert werden m\u00fcsse, um eine Vertiefung von Ungleichheiten oder eine Schw\u00e4chung von Institutionen zu vermeiden.<\/span><br \/>\n<span style=\"font-size: 14pt;\">\u201eAI impacts you directly\u201c, erinnerte sie und forderte die Teilnehmenden auf, bei der Entwicklung und Anwendung dieser Technologien einen menschenzentrierten Ansatz zu verfolgen.<\/span><br \/>\n<span style=\"font-size: 14pt;\">Die Kurzpr\u00e4sentationen von Studierenden unterstrichen diese Perspektive und behandelten Themen wie die Rolle von Bildung in der generationen\u00fcbergreifenden Zusammenarbeit sowie die Auswirkungen von KI auf die Zukunft europ\u00e4ischer Gesellschaften.<\/span><br \/>\n<span style=\"font-size: 14pt;\"><strong>Jugend und Handeln mit institutioneller Unterst\u00fctzung<\/strong><\/span><br \/>\n<span style=\"font-size: 14pt;\">Das Forum legte zudem einen Schwerpunkt auf Inklusion und den Kampf gegen Diskriminierung.\u00a0<strong>Linda Tinio-Le Douarin<\/strong>\u00a0aus dem Sektor f\u00fcr\u00a0Sozial- und Humanwissenschaften der UNESCO\u00a0hob globale Initiativen gegen Rassismus hervor und betonte, wie wichtig es ist, Ma\u00dfnahmen an lokale Kontexte anzupassen.<\/span><br \/>\n<span style=\"font-size: 14pt;\">Parallel dazu bekr\u00e4ftigte der Generalkonsul der Philippinen in \u00d6sterreich,\u00a0<strong>Zoilo Velasco<\/strong>, das Engagement f\u00fcr Jugendbeteiligung und internationale Zusammenarbeit.<\/span><br \/>\n<span style=\"font-size: 14pt;\">Von der Reflexion zum Handeln<\/span><br \/>\n<span style=\"font-size: 14pt;\">Die Arbeitssitzungen umfassten Diskussionen \u00fcber die Rolle von Technologie im Friedensaufbau sowie interaktive Workshops, die darauf abzielten, den Austausch von Ideen in konkrete L\u00f6sungen zu \u00fcberf\u00fchren. Im\u00a0Skill Exchange Marketplace\u00a0arbeiteten Teilnehmende unterschiedlichen Alters gemeinsam an der Entwicklung von Initiativen zur Bew\u00e4ltigung globaler Herausforderungen.<\/span><br \/>\n<span style=\"font-size: 14pt;\">Ein weiterer zentraler Aspekt war die pers\u00f6nliche Entwicklung als Grundlage f\u00fcr F\u00fchrung. \u201eInnere Transformation ist es, die uns die Stabilit\u00e4t gibt, zu echten Changemakern zu werden\u201c, erkl\u00e4rte Valentin Pfaffenwimmer in einer der parallelen Sitzungen.<\/span><br \/>\n<span style=\"font-size: 14pt;\"><strong>Aufbau nachhaltiger Partnerschaften<\/strong><\/span><br \/>\n<span style=\"font-size: 14pt;\">Das Forum endete mit einem Aufruf, die gewonnenen Erkenntnisse in konkrete Ma\u00dfnahmen in den lokalen Gemeinschaften umzusetzen. Die Organisatoren unterstrichen, dass die Wirkung des YCF \u00fcber die Veranstaltung hinausgeht, indem nachhaltige Partnerschaften gef\u00f6rdert werden. \u201eBeim YCF geht es nicht nur um die Gespr\u00e4che, die wir hier beginnen, sondern um die Partnerschaften, die wir weit \u00fcber das Forum hinaus weiter aufbauen\u201c, sagte Programmleiter\u00a0<strong>Andy Pe\u00f1afuerte III<\/strong>.<\/span><br \/>\n<span style=\"font-size: 14pt;\">In ihren abschlie\u00dfenden Worten hob\u00a0<strong>Maria Riehl<\/strong>\u00a0von der\u00a0Frauenf\u00f6deration f\u00fcr Weltfrieden in \u00d6sterreich\u00a0die wachsende Rolle junger Menschen als treibende Kr\u00e4fte des Wandels hervor und rief dazu auf, die Erfahrungen \u00e4lterer Generationen einzubeziehen, um die gemeinsame Wirkung zu maximieren.<\/span><br \/>\n<span style=\"font-size: 14pt;\">Die generationen\u00fcbergreifende Zusammenarbeit bereichert nicht nur den Dialog, sondern ist entscheidend f\u00fcr die Entwicklung inklusiver, nachhaltiger und zukunftsorientierter L\u00f6sungen, so lautete die zentrale Botschaft des Youth Changemakers Forum 2.0.<\/span><\/p>\n<p><span style=\"font-size: 14pt;\"><img loading=\"lazy\" decoding=\"async\" class=\"size-full wp-image-18961 aligncenter\" src=\"http:\/\/uncav-vienna.org\/wp-content\/uploads\/2026\/04\/Generationen-4.png\" alt=\"\" width=\"520\" height=\"492\" srcset=\"https:\/\/uncav-vienna.org\/wp-content\/uploads\/2026\/04\/Generationen-4.png 520w, https:\/\/uncav-vienna.org\/wp-content\/uploads\/2026\/04\/Generationen-4-300x284.png 300w\" sizes=\"(max-width: 520px) 100vw, 520px\" \/> <img loading=\"lazy\" decoding=\"async\" class=\"size-full wp-image-18962 aligncenter\" src=\"http:\/\/uncav-vienna.org\/wp-content\/uploads\/2026\/04\/Generationen-5.png\" alt=\"\" width=\"519\" height=\"488\" srcset=\"https:\/\/uncav-vienna.org\/wp-content\/uploads\/2026\/04\/Generationen-5.png 519w, https:\/\/uncav-vienna.org\/wp-content\/uploads\/2026\/04\/Generationen-5-300x282.png 300w\" sizes=\"(max-width: 519px) 100vw, 519px\" \/> <img loading=\"lazy\" decoding=\"async\" class=\"size-full wp-image-18963 aligncenter\" src=\"http:\/\/uncav-vienna.org\/wp-content\/uploads\/2026\/04\/Generationen-6.png\" alt=\"\" width=\"518\" height=\"449\" srcset=\"https:\/\/uncav-vienna.org\/wp-content\/uploads\/2026\/04\/Generationen-6.png 518w, https:\/\/uncav-vienna.org\/wp-content\/uploads\/2026\/04\/Generationen-6-300x260.png 300w\" sizes=\"(max-width: 518px) 100vw, 518px\" \/> <img loading=\"lazy\" decoding=\"async\" class=\"size-full wp-image-18964 aligncenter\" src=\"http:\/\/uncav-vienna.org\/wp-content\/uploads\/2026\/04\/Generationen-7.png\" alt=\"\" width=\"521\" height=\"444\" srcset=\"https:\/\/uncav-vienna.org\/wp-content\/uploads\/2026\/04\/Generationen-7.png 521w, https:\/\/uncav-vienna.org\/wp-content\/uploads\/2026\/04\/Generationen-7-300x256.png 300w\" sizes=\"(max-width: 521px) 100vw, 521px\" \/><\/span><\/p>\n<p>&nbsp;<\/p>\n<p>&nbsp;<\/p>\n","protected":false},"excerpt":{"rendered":"<p>Das\u00a0Youth Changemakers Forum (YCF) 2.0\u00a0verwandelte das B\u00fcro der Vereinten Nationen in Wien in ein Labor f\u00fcr generationen\u00fcbergreifende Innovation und brachte<\/p>\n","protected":false},"author":1,"featured_media":18965,"comment_status":"closed","ping_status":"closed","sticky":false,"template":"","format":"standard","meta":{"footnotes":""},"categories":[2,6],"tags":[],"_links":{"self":[{"href":"https:\/\/uncav-vienna.org\/index.php?rest_route=\/wp\/v2\/posts\/18956"}],"collection":[{"href":"https:\/\/uncav-vienna.org\/index.php?rest_route=\/wp\/v2\/posts"}],"about":[{"href":"https:\/\/uncav-vienna.org\/index.php?rest_route=\/wp\/v2\/types\/post"}],"author":[{"embeddable":true,"href":"https:\/\/uncav-vienna.org\/index.php?rest_route=\/wp\/v2\/users\/1"}],"replies":[{"embeddable":true,"href":"https:\/\/uncav-vienna.org\/index.php?rest_route=%2Fwp%2Fv2%2Fcomments&post=18956"}],"version-history":[{"count":3,"href":"https:\/\/uncav-vienna.org\/index.php?rest_route=\/wp\/v2\/posts\/18956\/revisions"}],"predecessor-version":[{"id":18967,"href":"https:\/\/uncav-vienna.org\/index.php?rest_route=\/wp\/v2\/posts\/18956\/revisions\/18967"}],"wp:featuredmedia":[{"embeddable":true,"href":"https:\/\/uncav-vienna.org\/index.php?rest_route=\/wp\/v2\/media\/18965"}],"wp:attachment":[{"href":"https:\/\/uncav-vienna.org\/index.php?rest_route=%2Fwp%2Fv2%2Fmedia&parent=18956"}],"wp:term":[{"taxonomy":"category","embeddable":true,"href":"https:\/\/uncav-vienna.org\/index.php?rest_route=%2Fwp%2Fv2%2Fcategories&post=18956"},{"taxonomy":"post_tag","embeddable":true,"href":"https:\/\/uncav-vienna.org\/index.php?rest_route=%2Fwp%2Fv2%2Ftags&post=18956"}],"curies":[{"name":"wp","href":"https:\/\/api.w.org\/{rel}","templated":true}]}}