{"id":18445,"date":"2025-01-29T07:30:45","date_gmt":"2025-01-29T07:30:45","guid":{"rendered":"https:\/\/uncav-vienna.org\/?p=18445"},"modified":"2025-02-02T22:37:33","modified_gmt":"2025-02-02T22:37:33","slug":"die-herausforderungen-und-chancen-im-nahen-osten-ein-appell-an-die-internationale-gemeinschaft","status":"publish","type":"post","link":"https:\/\/uncav-vienna.org\/?p=18445","title":{"rendered":"Die Herausforderungen und Chancen im Nahen Osten: Ein Appell an die internationale Gemeinschaft"},"content":{"rendered":"<div class=\"td-post-author-name\">\n<div class=\"td-author-by\">By Hedi Bousnina -22\/01\/2025<\/div>\n<div><img loading=\"lazy\" decoding=\"async\" class=\"alignnone wp-image-18447 size-full\" src=\"http:\/\/uncav-vienna.org\/wp-content\/uploads\/2025\/01\/Nahen-Osten-featured.png\" alt=\"\" width=\"800\" height=\"445\" srcset=\"https:\/\/uncav-vienna.org\/wp-content\/uploads\/2025\/01\/Nahen-Osten-featured.png 800w, https:\/\/uncav-vienna.org\/wp-content\/uploads\/2025\/01\/Nahen-Osten-featured-300x167.png 300w, https:\/\/uncav-vienna.org\/wp-content\/uploads\/2025\/01\/Nahen-Osten-featured-768x427.png 768w\" sizes=\"(max-width: 800px) 100vw, 800px\" \/><\/div>\n<div>\n<h5 class=\"wp-block-heading\">Einleitung zu den Ver\u00e4nderungen im Nahen Osten<\/h5>\n<h6>Der Nahe Osten befindet sich gegenw\u00e4rtig in einer Phase umfassender Ver\u00e4nderungen. Diese Entwicklungen sind nicht nur auf lokale Dynamiken zur\u00fcckzuf\u00fchren, sondern auch auf die Auswirkungen globaler geopolitischer Interessen, sozialer Umw\u00e4lzungen sowie wirtschaftlicher Herausforderungen.<\/h6>\n<h5 class=\"wp-block-heading\">Die Bedeutung der internationalen Unterst\u00fctzung<\/h5>\n<h6>Vor diesem Hintergrund hat der UN-Generalsekret\u00e4r k\u00fcrzlich die internationale Gemeinschaft aufgefordert, ihre Anstrengungen zur F\u00f6rderung von Gerechtigkeit, Menschenrechten und Frieden in dieser vielf\u00e4ltigen und komplexen Region zu unterst\u00fctzen. Es ist wichtig zu erkennen, dass die sozialen Bewegungen in vielen L\u00e4ndern Ausdruck eines tiefen Wunsches nach einem Leben in W\u00fcrde sind, in dem die Bev\u00f6lkerung ihre politischen und wirtschaftlichen Realit\u00e4ten mitgestalten kann.<\/h6>\n<h5 class=\"wp-block-heading\">Der Weg zu einem dauerhaften Frieden<\/h5>\n<h6>Um gerechte L\u00f6sungen zu erreichen, ist die Rolle der internationalen Gemeinschaft entscheidend. Der UN-Generalsekret\u00e4r hat betont, dass externe Unterst\u00fctzung notwendig ist, um Dialog, Zusammenarbeit und Teilhabe zu f\u00f6rdern. Die Menschen im Nahen Osten haben das Recht auf ein Leben in Sicherheit, Meinungsfreiheit und Zugang zu grundlegenden Dienstleistungen wie Bildung und Gesundheitsversorgung. Die Stimmen der Unterdr\u00fcckten m\u00fcssen gest\u00e4rkt werden, um nachhaltige Ver\u00e4nderungen herbeizuf\u00fchren.<\/h6>\n<h6>Zusammenfassend l\u00e4sst sich sagen, dass die Herausforderungen im Nahen Osten auch als Chancen f\u00fcr tiefgreifende Ver\u00e4nderungen interpretiert werden k\u00f6nnen. Die Aufforderung des UN-Generalsekret\u00e4rs sollte als Zeichen verstanden werden, dass gemeinsames Handeln erforderlich ist, um eine gerechtere und friedliche Zukunft zu gestalten.<\/h6>\n<\/div>\n<\/div>\n","protected":false},"excerpt":{"rendered":"<p>By Hedi Bousnina -22\/01\/2025 Einleitung zu den Ver\u00e4nderungen im Nahen Osten Der Nahe Osten befindet sich gegenw\u00e4rtig in einer Phase<\/p>\n","protected":false},"author":1,"featured_media":18447,"comment_status":"closed","ping_status":"closed","sticky":false,"template":"","format":"standard","meta":{"footnotes":""},"categories":[4,2,6],"tags":[],"_links":{"self":[{"href":"https:\/\/uncav-vienna.org\/index.php?rest_route=\/wp\/v2\/posts\/18445"}],"collection":[{"href":"https:\/\/uncav-vienna.org\/index.php?rest_route=\/wp\/v2\/posts"}],"about":[{"href":"https:\/\/uncav-vienna.org\/index.php?rest_route=\/wp\/v2\/types\/post"}],"author":[{"embeddable":true,"href":"https:\/\/uncav-vienna.org\/index.php?rest_route=\/wp\/v2\/users\/1"}],"replies":[{"embeddable":true,"href":"https:\/\/uncav-vienna.org\/index.php?rest_route=%2Fwp%2Fv2%2Fcomments&post=18445"}],"version-history":[{"count":2,"href":"https:\/\/uncav-vienna.org\/index.php?rest_route=\/wp\/v2\/posts\/18445\/revisions"}],"predecessor-version":[{"id":18448,"href":"https:\/\/uncav-vienna.org\/index.php?rest_route=\/wp\/v2\/posts\/18445\/revisions\/18448"}],"wp:featuredmedia":[{"embeddable":true,"href":"https:\/\/uncav-vienna.org\/index.php?rest_route=\/wp\/v2\/media\/18447"}],"wp:attachment":[{"href":"https:\/\/uncav-vienna.org\/index.php?rest_route=%2Fwp%2Fv2%2Fmedia&parent=18445"}],"wp:term":[{"taxonomy":"category","embeddable":true,"href":"https:\/\/uncav-vienna.org\/index.php?rest_route=%2Fwp%2Fv2%2Fcategories&post=18445"},{"taxonomy":"post_tag","embeddable":true,"href":"https:\/\/uncav-vienna.org\/index.php?rest_route=%2Fwp%2Fv2%2Ftags&post=18445"}],"curies":[{"name":"wp","href":"https:\/\/api.w.org\/{rel}","templated":true}]}}