{"id":17897,"date":"2023-05-20T09:04:46","date_gmt":"2023-05-20T09:04:46","guid":{"rendered":"http:\/\/uncav-vienna.org\/?p=17897"},"modified":"2023-07-02T19:01:58","modified_gmt":"2023-07-02T19:01:58","slug":"welttag-der-pressefreiheit-saschka-zhurkov","status":"publish","type":"post","link":"https:\/\/uncav-vienna.org\/?p=17897","title":{"rendered":"Welttag der Pressefreiheit &#8211; Saschka ZHURKOV"},"content":{"rendered":"<p>03.05.2023, VIC UNO City<\/p>\n<p>UNCAV (United Nations Correspondents Assotiation Vienna)<\/p>\n<p>Saschka ZHURKOV<\/p>\n<p>&nbsp;<\/p>\n<p>\u201eDie Pressefreiheit ist das Fundament, auf dem Demokratie und Gerechtigkeit ruhen. Sie gibt uns allen die Fakten an die Hand, die wir brauchen, um unsere Meinung zu bilden und die M\u00e4chtigen mit der Wahrheit zu konfrontieren. Das diesj\u00e4hrige Motto des Tages erinnert uns daran, dass die Menschenrechte ohne Pressefreiheit nicht zu verwirklichen sind.\u201c<\/p>\n<p><img loading=\"lazy\" decoding=\"async\" class=\"alignnone wp-image-17901 size-full\" src=\"http:\/\/uncav-vienna.org\/wp-content\/uploads\/2023\/05\/thumbnail_Saschka-Sharief-UNCAV.jpg\" alt=\"\" width=\"640\" height=\"428\" srcset=\"https:\/\/uncav-vienna.org\/wp-content\/uploads\/2023\/05\/thumbnail_Saschka-Sharief-UNCAV.jpg 640w, https:\/\/uncav-vienna.org\/wp-content\/uploads\/2023\/05\/thumbnail_Saschka-Sharief-UNCAV-300x201.jpg 300w\" sizes=\"(max-width: 640px) 100vw, 640px\" \/><\/p>\n<p>In dieser Botschaft zum Welttag der Pressefreiheit am 3. Mai 2023 in New York bringt der Generalsekret\u00e4r der Vereinten Nationen, Antonio Guterres, die Wichtigkeit dieses Tages perfekt zum Ausdruck.<\/p>\n<p>&nbsp;<\/p>\n<p>Der Tag der Rede- und Pressefreiheit wurde mit gro\u00dfem Enthusiasmus und gro\u00dfer Aufmerksamkeit im Geb\u00e4ude VIC UNO City Vienna gefeiert:<\/p>\n<p><img loading=\"lazy\" decoding=\"async\" class=\"alignnone wp-image-17902 size-full\" src=\"http:\/\/uncav-vienna.org\/wp-content\/uploads\/2023\/05\/thumbnail_UNCAV-Fotograf-Matilda-Kolev-\u0441\u043d\u0438\u043c\u043a\u0430\u0442\u0430-\u0432-\u0446\u0435\u043d\u0442\u044a\u0440\u0430-\u043d\u0430-\u0441\u0442\u0440\u0430\u043d\u0438\u0446\u0430\u0442\u0430-\u0430\u043a\u043e-\u043c\u043e\u0436\u0435-4.jpg\" alt=\"\" width=\"428\" height=\"640\" srcset=\"https:\/\/uncav-vienna.org\/wp-content\/uploads\/2023\/05\/thumbnail_UNCAV-Fotograf-Matilda-Kolev-\u0441\u043d\u0438\u043c\u043a\u0430\u0442\u0430-\u0432-\u0446\u0435\u043d\u0442\u044a\u0440\u0430-\u043d\u0430-\u0441\u0442\u0440\u0430\u043d\u0438\u0446\u0430\u0442\u0430-\u0430\u043a\u043e-\u043c\u043e\u0436\u0435-4.jpg 428w, https:\/\/uncav-vienna.org\/wp-content\/uploads\/2023\/05\/thumbnail_UNCAV-Fotograf-Matilda-Kolev-\u0441\u043d\u0438\u043c\u043a\u0430\u0442\u0430-\u0432-\u0446\u0435\u043d\u0442\u044a\u0440\u0430-\u043d\u0430-\u0441\u0442\u0440\u0430\u043d\u0438\u0446\u0430\u0442\u0430-\u0430\u043a\u043e-\u043c\u043e\u0436\u0435-4-201x300.jpg 201w\" sizes=\"(max-width: 428px) 100vw, 428px\" \/><\/p>\n<p>Ein repr\u00e4sentativer Chor des UN-B\u00fcros in Wien unter der Leitung von Dirigent Sandro Santander er\u00f6ffnete den ersten Teil des Konzerts. Moderatorin und Szenario des Konzerts ist Rojas Maria Zelda &#8211; European Network of Filipino Diaspora Austria (ENFiD-Austria) und UNCAV Vorstandsmitglied.<\/p>\n<p>&nbsp;<\/p>\n<p>Die Friends of Polynesia Dance Group im Vienna International Centre (VIC GRF) zeigte einen sch\u00f6nen Tanz. In Polynesien tanzt jeder von klein bis gro\u00df gleich sch\u00f6n, glatt, flexibel, elastisch und anmutig. Polynesien ist bekannt f\u00fcr seine Gastfreundschaft, sein Wohlwollen, seine Kultur, Blumen, D\u00fcfte, Lieder, T\u00e4nze und wei\u00dfen Str\u00e4nde.<\/p>\n<p><img loading=\"lazy\" decoding=\"async\" class=\"alignnone wp-image-17903 size-large\" src=\"http:\/\/uncav-vienna.org\/wp-content\/uploads\/2023\/05\/UNCAV-dezata-2-1024x768.jpg\" alt=\"\" width=\"800\" height=\"600\" srcset=\"https:\/\/uncav-vienna.org\/wp-content\/uploads\/2023\/05\/UNCAV-dezata-2-1024x768.jpg 1024w, https:\/\/uncav-vienna.org\/wp-content\/uploads\/2023\/05\/UNCAV-dezata-2-300x225.jpg 300w, https:\/\/uncav-vienna.org\/wp-content\/uploads\/2023\/05\/UNCAV-dezata-2-768x576.jpg 768w, https:\/\/uncav-vienna.org\/wp-content\/uploads\/2023\/05\/UNCAV-dezata-2-1536x1152.jpg 1536w, https:\/\/uncav-vienna.org\/wp-content\/uploads\/2023\/05\/UNCAV-dezata-2.jpg 2048w\" sizes=\"(max-width: 800px) 100vw, 800px\" \/><\/p>\n<p>In seiner Ansprache begr\u00fc\u00dfte der UNCAV-Pr\u00e4sident DI Abdalla Sharief die offiziellen G\u00e4ste, die Teilnehmer der Feier, alle UN-Informationsbeauftragten und Kollegen und ging auf die wichtigsten Ergebnisse und H\u00f6hepunkte der Arbeit von UNCAV ein. In seiner Rede wies Martin Nesirky, Direktor des Informationsdienstes der Vereinten Nationen (UNIS Wien), auf die entscheidende Rolle der Journalisten hin. Sie spielen eine wichtige Rolle in der Gesellschaft, indem sie Funktionen wie Kontrolle, Transparenz und Information der \u00d6ffentlichkeit erf\u00fcllen.<\/p>\n<p>&nbsp;<\/p>\n<p>SE Magdi Ahmed Mofadal Elnour, Botschafter der Republik Sudan, sagte, dass die Lage im Sudan nach wie vor ernst sei. Wir alle hoffen, dass die Gewalt so bald wie m\u00f6glich beendet wird und der Weg des Dialogs wieder aufgenommen werden kann. Der Botschafter SE Magdi Ahmed Mofadal Elnour bedankte sich<\/p>\n<p>daf\u00fcr, die Gelegenheit nutzen zu k\u00f6nnen, um seinen tiefen Respekt f\u00fcr Journalisten auszudr\u00fccken, die der Wahrheit dienen.<\/p>\n<p><img loading=\"lazy\" decoding=\"async\" class=\"alignnone wp-image-17904 size-large\" src=\"http:\/\/uncav-vienna.org\/wp-content\/uploads\/2023\/05\/UNCAV-dezata-3-1024x768.jpg\" alt=\"\" width=\"800\" height=\"600\" srcset=\"https:\/\/uncav-vienna.org\/wp-content\/uploads\/2023\/05\/UNCAV-dezata-3-1024x768.jpg 1024w, https:\/\/uncav-vienna.org\/wp-content\/uploads\/2023\/05\/UNCAV-dezata-3-300x225.jpg 300w, https:\/\/uncav-vienna.org\/wp-content\/uploads\/2023\/05\/UNCAV-dezata-3-768x576.jpg 768w, https:\/\/uncav-vienna.org\/wp-content\/uploads\/2023\/05\/UNCAV-dezata-3-1536x1152.jpg 1536w, https:\/\/uncav-vienna.org\/wp-content\/uploads\/2023\/05\/UNCAV-dezata-3.jpg 2000w\" sizes=\"(max-width: 800px) 100vw, 800px\" \/><\/p>\n<p>CRYSTAL DIAS, unsere Keynote-Sprecherin f\u00fcr den UNCAV &#8211; ENFiD &#8211; \u00d6sterreich, ist eine preisgekr\u00f6nte Anw\u00e4ltin, die sich auf Familienrecht und Einwanderungsrecht spezialisiert hat.<\/p>\n<p>&nbsp;<\/p>\n<p>Crystal ist in der philippinischen Gemeinschaft sehr pr\u00e4sent, wo sie als Fernsehmoderatorin und Schauspielerin bekannt ist. Sie hat auch mehrere philippinische Filme gedreht und hat eine gro\u00dfe Fangemeinde in ihrem Heimatland. Neben ihrer Karriere als Schauspielerin und Moderatorin setzt sich Crystal auch f\u00fcr wohlt\u00e4tige Zwecke ein. Sie ist ein bekanntes Gesicht in der philippinischen Wohlt\u00e4tigkeitsgemeinschaft und engagiert sich besonders f\u00fcr Programme, die sich auf Bildung und Gesundheit konzentrieren.<\/p>\n<p><img loading=\"lazy\" decoding=\"async\" class=\"alignnone wp-image-17905 size-large\" src=\"http:\/\/uncav-vienna.org\/wp-content\/uploads\/2023\/05\/UNCAV-dezata-768x1024.jpg\" alt=\"\" width=\"768\" height=\"1024\" srcset=\"https:\/\/uncav-vienna.org\/wp-content\/uploads\/2023\/05\/UNCAV-dezata-768x1024.jpg 768w, https:\/\/uncav-vienna.org\/wp-content\/uploads\/2023\/05\/UNCAV-dezata-225x300.jpg 225w, https:\/\/uncav-vienna.org\/wp-content\/uploads\/2023\/05\/UNCAV-dezata-1152x1536.jpg 1152w, https:\/\/uncav-vienna.org\/wp-content\/uploads\/2023\/05\/UNCAV-dezata.jpg 1536w\" sizes=\"(max-width: 768px) 100vw, 768px\" \/><\/p>\n<p>In j\u00fcngster Zeit hat Crystal auch begonnen, auf internationaler Ebene zu arbeiten. Sie hat bereits an einigen Projekten in den USA und in anderen Teilen der Welt teilgenommen und plant, in Zukunft mehr internationale Arbeit zu leisten. Crystal ist auch bekannt f\u00fcr ihre starke Sozial-Media-Pr\u00e4senz und nutzt Plattformen wie Instagram und Twitter, um ihre Fans auf dem Laufenden zu halten und ihre Karriere und Wohlt\u00e4tigkeitsarbeit zu teilen.<\/p>\n<p>&nbsp;<\/p>\n<p>Am zweiten Teil des Festprogramms nahmen Musiker und K\u00fcnstler aus verschiedenen Teilen der Welt teil, um den Tag der Pressefreiheit zu feiern.<\/p>\n<p>&nbsp;<\/p>\n<p>Die musikalische Performance von Mamadou Diabetes aus Burkina Faso begeisterte das Publikum mit afrikanischen Trommeln und wundersch\u00f6nen Melodieinstrumenten. In Afrika hat Musik einen hohen Stellenwert und wird t\u00e4glich praktiziert, sei es bei sozialen, religi\u00f6sen oder Unterhaltungsanl\u00e4ssen.<\/p>\n<p>&nbsp;<\/p>\n<p>Die Operns\u00e4ngerin Yonka Dragomanska entfesselte all ihre gro\u00dfartige und fesselnde Gesangsstimme, als sie die sch\u00f6ne nostalgische Roma-Melodie von tschechischen Komponisten Anton\u00edn Dvo\u0159\u00e1k \u201eAls meine alte Mutter mich lehrte\u201c (\u201eKdy\u017e mne star\u00e1 matka\u201c) sang. Danach folgte eine Auff\u00fchrung von Yonka Dragomanska, als sie die Arie der Fenena: \u201eOh, disciuso \u00e8 il firmamento\u201c aus Giuseppe Verdis Nabucco zum Besten gab. Ihr ber\u00fchrender, gef\u00fchlvoller und exquisiter Sopran ber\u00fchrte die Herzen des Publikums.<\/p>\n<p>&nbsp;<\/p>\n<p>Die \u00d6sterreichisch-Bulgarische Schule \u201eProf. Ivan Schischmanov\u201c pr\u00e4sentierte den traditionellen Volkstanz &#8222;Ratschenitsa&#8220;, ein bulgarischer dynamischer Volkstanz mit einer verzierten Melodie f\u00fcr Paare, die ihre H\u00e4nde auf ihr Kreuz legen. Die Vorf\u00fchrung war so fesselnd, dass der Beifall am Ende die logische Pointe bildete.<\/p>\n<p>&nbsp;<\/p>\n<p>Der talentierte schwedisch-bulgarisch-\u00f6sterreichische K\u00fcnstler Krassimir Kolev pr\u00e4sentierte in der Rotunde seine Gem\u00e4lde zum Thema \u201eDie Geheimnisse der W\u00e4lder\u201c. Das Publikum betrachtete die Werke mit Bewunderung und der Autor erhielt neben Gl\u00fcckw\u00fcnschen eine Einladung zu einer neuen Ausstellung. Der Wald als Symbol der Weisheit, Ewigkeit und Lebendigkeit war das zentrale Thema der Gem\u00e4lde.<\/p>\n<p>&nbsp;<\/p>\n<p>Der von der UNCAV zum Tag der Pressefreiheit gestiftete Journalistenpreis wurde an Veronika CROWE-MAYERHOFER verliehen, die sich \u00fcber viele Jahre erfolgreich in den Diensten des Journalismus engagiert hat.<\/p>\n<p>&nbsp;<\/p>\n<p>Der Tag der Pressefreiheit ist einer von vielen internationalen Feiertagen, die von den Vereinten Nationen und der UNESCO initiiert wurden, um wichtige Themen zu sensibilisieren, zur L\u00f6sung globaler Probleme zu mobilisieren und die Erfolge der Menschheit zu feiern. Diese Feiertage haben eine unbestreitbare globale Bedeutung, da sie von Menschen aus verschiedenen Kulturen und L\u00e4ndern gefeiert werden und Grenzen \u00fcberwinden. Die Presse- und Meinungsfreiheit ist das Fundament von Demokratie und Gerechtigkeit, und wir sollten uns immer daran erinnern, wie wichtig sie ist.<\/p>\n<p><a href=\"http:\/\/uncav-vienna.org\/wp-content\/uploads\/2023\/05\/01_ViennaDnes_May_2023.pdf\">01_ViennaDnes_May_2023<\/a><\/p>\n<p><a href=\"http:\/\/uncav-vienna.org\/wp-content\/uploads\/2023\/05\/02_ViennaDnes_May_2023.pdf\">02_ViennaDnes_May_2023<\/a><\/p>\n<p><a href=\"http:\/\/uncav-vienna.org\/wp-content\/uploads\/2023\/05\/03_ViennaDnes_May_2023.pdf\">03_ViennaDnes_May_2023<\/a><\/p>\n<p><img loading=\"lazy\" decoding=\"async\" class=\"alignnone wp-image-17908 size-full\" src=\"http:\/\/uncav-vienna.org\/wp-content\/uploads\/2023\/05\/z1.png\" alt=\"\" width=\"352\" height=\"509\" srcset=\"https:\/\/uncav-vienna.org\/wp-content\/uploads\/2023\/05\/z1.png 352w, https:\/\/uncav-vienna.org\/wp-content\/uploads\/2023\/05\/z1-207x300.png 207w\" sizes=\"(max-width: 352px) 100vw, 352px\" \/><\/p>\n<p><img loading=\"lazy\" decoding=\"async\" class=\"alignnone wp-image-17909 size-full\" src=\"http:\/\/uncav-vienna.org\/wp-content\/uploads\/2023\/05\/z2.png\" alt=\"\" width=\"355\" height=\"511\" srcset=\"https:\/\/uncav-vienna.org\/wp-content\/uploads\/2023\/05\/z2.png 355w, https:\/\/uncav-vienna.org\/wp-content\/uploads\/2023\/05\/z2-208x300.png 208w\" sizes=\"(max-width: 355px) 100vw, 355px\" \/><\/p>\n<p><img loading=\"lazy\" decoding=\"async\" class=\"alignnone wp-image-17910 size-full\" src=\"http:\/\/uncav-vienna.org\/wp-content\/uploads\/2023\/05\/z3.png\" alt=\"\" width=\"347\" height=\"505\" srcset=\"https:\/\/uncav-vienna.org\/wp-content\/uploads\/2023\/05\/z3.png 347w, https:\/\/uncav-vienna.org\/wp-content\/uploads\/2023\/05\/z3-206x300.png 206w\" sizes=\"(max-width: 347px) 100vw, 347px\" \/><\/p>\n","protected":false},"excerpt":{"rendered":"<p>03.05.2023, VIC UNO City UNCAV (United Nations Correspondents Assotiation Vienna) Saschka ZHURKOV &nbsp; \u201eDie Pressefreiheit ist das Fundament, auf dem<\/p>\n","protected":false},"author":1,"featured_media":17922,"comment_status":"closed","ping_status":"closed","sticky":false,"template":"","format":"standard","meta":{"footnotes":""},"categories":[4,2,6],"tags":[],"_links":{"self":[{"href":"https:\/\/uncav-vienna.org\/index.php?rest_route=\/wp\/v2\/posts\/17897"}],"collection":[{"href":"https:\/\/uncav-vienna.org\/index.php?rest_route=\/wp\/v2\/posts"}],"about":[{"href":"https:\/\/uncav-vienna.org\/index.php?rest_route=\/wp\/v2\/types\/post"}],"author":[{"embeddable":true,"href":"https:\/\/uncav-vienna.org\/index.php?rest_route=\/wp\/v2\/users\/1"}],"replies":[{"embeddable":true,"href":"https:\/\/uncav-vienna.org\/index.php?rest_route=%2Fwp%2Fv2%2Fcomments&post=17897"}],"version-history":[{"count":5,"href":"https:\/\/uncav-vienna.org\/index.php?rest_route=\/wp\/v2\/posts\/17897\/revisions"}],"predecessor-version":[{"id":17964,"href":"https:\/\/uncav-vienna.org\/index.php?rest_route=\/wp\/v2\/posts\/17897\/revisions\/17964"}],"wp:featuredmedia":[{"embeddable":true,"href":"https:\/\/uncav-vienna.org\/index.php?rest_route=\/wp\/v2\/media\/17922"}],"wp:attachment":[{"href":"https:\/\/uncav-vienna.org\/index.php?rest_route=%2Fwp%2Fv2%2Fmedia&parent=17897"}],"wp:term":[{"taxonomy":"category","embeddable":true,"href":"https:\/\/uncav-vienna.org\/index.php?rest_route=%2Fwp%2Fv2%2Fcategories&post=17897"},{"taxonomy":"post_tag","embeddable":true,"href":"https:\/\/uncav-vienna.org\/index.php?rest_route=%2Fwp%2Fv2%2Ftags&post=17897"}],"curies":[{"name":"wp","href":"https:\/\/api.w.org\/{rel}","templated":true}]}}