{"id":17140,"date":"2018-08-17T08:55:41","date_gmt":"2018-08-17T08:55:41","guid":{"rendered":"http:\/\/www.uncav-vienna.org\/?p=17140"},"modified":"2018-08-17T08:55:41","modified_gmt":"2018-08-17T08:55:41","slug":"hochrangiger-uno-funktionar-jetzt-mitglied-beim-bayernbund","status":"publish","type":"post","link":"https:\/\/uncav-vienna.org\/?p=17140","title":{"rendered":"HOCHRANGIGER UNO-FUNKTION\u00c4R JETZT MITGLIED BEIM BAYERNBUND"},"content":{"rendered":"<p><span style=\"margin: 0px; color: black; font-family: '&amp;quot','serif';\">Der Bayernbund Kreisverband Rosenheim wurde von ihrem langj\u00e4hrigem Mitglied Dr. Josef Siegele ins UNO-Zentrum in Wien eingeladen.\u00a0 Dr. Siegele ist erster Vizepr\u00e4sident der UNCAV (United Nations Correspondents Association Vienna \u2013 Vereinigung der UNO-Journalisten in Wien). Im Geb\u00e4ude der UNO \u00a0bekam die Delegation aus Bayern die Gelegenheit, einen Gedankenaustausch mit dem Pr\u00e4sidenten der UNCAV, DI Abdalla Sharief, zu f\u00fchren. Dieser war von dem Programm des Bayernbundes so angetan, dass er jetzt Mitglied wurde.<\/span><\/p>\n<p style=\"vertical-align: baseline; border-image-outset: 0; border-image-repeat: stretch; border-image-slice: 100%; border-image-source: none; border-image-width: 1; box-sizing: border-box; outline-color: invert; outline-style: none; outline-width: 0px; -webkit-text-stroke-width: 0px; word-wrap: break-word; word-spacing: 0px; margin: 0cm 0cm 15.0pt 0cm;\"><span style=\"margin: 0px; color: black; font-family: '&amp;quot','serif';\">DI Abdalla Sharief pflegt die Interessen der L\u00e4nder des Horn von Afrika (Eritrea, \u00c4thiopien, Sudan, S\u00fcdsudan, Dschibuti, Somalien) aber auch in der Entwicklung. Hier arbeitet er als Berater f\u00fcr viele afrikanische L\u00e4nder und hat dort mit der UN-Organisation viele Projekte eingef\u00fchrt.<\/span><\/p>\n<p style=\"vertical-align: baseline; border-image-outset: 0; border-image-repeat: stretch; border-image-slice: 100%; border-image-source: none; border-image-width: 1; box-sizing: border-box; outline-color: invert; outline-style: none; outline-width: 0px; -webkit-text-stroke-width: 0px; word-wrap: break-word; word-spacing: 0px; margin: 0cm 0cm 15.0pt 0cm;\"><span style=\"margin: 0px; color: black; font-family: '&amp;quot','serif';\">Die UNCAV unterst\u00fctzt Journalisten bei ihren T\u00e4tigkeiten, durch ein umfassendes Informationsangebot und durch kritische Begleitung des gesellschaftlichen und politischen Lebens die Voraussetzungen daf\u00fcr zu schaffen, dass allen in den Medien Besch\u00e4ftigten Pressefreiheit gew\u00e4hrt werden kann. Sie ist eine basisnahe Organisation, die die Umsetzung der Anliegen ihrer Mitglieder rasch und kompetent vollzieht.<\/span><\/p>\n<p style=\"vertical-align: baseline; border-image-outset: 0; border-image-repeat: stretch; border-image-slice: 100%; border-image-source: none; border-image-width: 1; box-sizing: border-box; outline-color: invert; outline-style: none; outline-width: 0px; -webkit-text-stroke-width: 0px; word-wrap: break-word; word-spacing: 0px; margin: 0cm 0cm 15.0pt 0cm;\"><span style=\"margin: 0px; color: black; font-family: '&amp;quot','serif';\">Foto: von links: Norbert Zehrer, stellvertretender Bayernbund-Kreisvorsitzender Rosenheim, Dr. Josef Siegele, DI Abdalla Sharief, Kreisvorsitzender Christian Glas und Bayernbund-Ehrenmitglied Elfriede G\u00f6ppelhuber.<\/span><\/p>\n<p><span style=\"margin: 0px; color: black; font-family: '&amp;quot','serif'; font-size: 8pt;\"><a href=\"https:\/\/www.samerbergernachrichten.de\/hochrangiger-uno-funktionaer-jetzt-mitglied-beim-bayernbund\/\">https:\/\/www.samerbergernachrichten.de\/hochrangiger-uno-funktionaer-jetzt-mitglied-beim-bayernbund\/<\/a><\/span><\/p>\n","protected":false},"excerpt":{"rendered":"<p>Der Bayernbund Kreisverband Rosenheim wurde von ihrem langj\u00e4hrigem Mitglied Dr. Josef Siegele ins UNO-Zentrum in Wien eingeladen.\u00a0 Dr. Siegele ist<\/p>\n","protected":false},"author":1,"featured_media":17141,"comment_status":"closed","ping_status":"closed","sticky":false,"template":"","format":"standard","meta":{"footnotes":""},"categories":[2,6],"tags":[],"_links":{"self":[{"href":"https:\/\/uncav-vienna.org\/index.php?rest_route=\/wp\/v2\/posts\/17140"}],"collection":[{"href":"https:\/\/uncav-vienna.org\/index.php?rest_route=\/wp\/v2\/posts"}],"about":[{"href":"https:\/\/uncav-vienna.org\/index.php?rest_route=\/wp\/v2\/types\/post"}],"author":[{"embeddable":true,"href":"https:\/\/uncav-vienna.org\/index.php?rest_route=\/wp\/v2\/users\/1"}],"replies":[{"embeddable":true,"href":"https:\/\/uncav-vienna.org\/index.php?rest_route=%2Fwp%2Fv2%2Fcomments&post=17140"}],"version-history":[{"count":0,"href":"https:\/\/uncav-vienna.org\/index.php?rest_route=\/wp\/v2\/posts\/17140\/revisions"}],"wp:featuredmedia":[{"embeddable":true,"href":"https:\/\/uncav-vienna.org\/index.php?rest_route=\/wp\/v2\/media\/17141"}],"wp:attachment":[{"href":"https:\/\/uncav-vienna.org\/index.php?rest_route=%2Fwp%2Fv2%2Fmedia&parent=17140"}],"wp:term":[{"taxonomy":"category","embeddable":true,"href":"https:\/\/uncav-vienna.org\/index.php?rest_route=%2Fwp%2Fv2%2Fcategories&post=17140"},{"taxonomy":"post_tag","embeddable":true,"href":"https:\/\/uncav-vienna.org\/index.php?rest_route=%2Fwp%2Fv2%2Ftags&post=17140"}],"curies":[{"name":"wp","href":"https:\/\/api.w.org\/{rel}","templated":true}]}}