{"id":17137,"date":"2018-04-04T21:40:39","date_gmt":"2018-04-04T21:40:39","guid":{"rendered":"http:\/\/www.uncav-vienna.org\/?p=17137"},"modified":"2018-04-04T21:40:39","modified_gmt":"2018-04-04T21:40:39","slug":"dominikanische-republik-2018-174-jahre-unabhangigkeit","status":"publish","type":"post","link":"https:\/\/uncav-vienna.org\/?p=17137","title":{"rendered":"Dominikanische Republik 2018: 174 Jahre Unabh\u00e4ngigkeit"},"content":{"rendered":"<p><strong>80 Jahre Diplomatische Beziehungen mit \u00d6sterreich<\/strong><\/p>\n<p><img loading=\"lazy\" decoding=\"async\" class=\"size-medium wp-image-17138 alignleft\" src=\"http:\/\/uncav-vienna.org\/wp-content\/uploads\/2018\/04\/I.E.-Botschafterin-Lourdes-Victoria-Kruse-1-300x167.jpg\" alt=\"\" width=\"300\" height=\"167\" srcset=\"https:\/\/uncav-vienna.org\/wp-content\/uploads\/2018\/04\/I.E.-Botschafterin-Lourdes-Victoria-Kruse-1-300x167.jpg 300w, https:\/\/uncav-vienna.org\/wp-content\/uploads\/2018\/04\/I.E.-Botschafterin-Lourdes-Victoria-Kruse-1-768x427.jpg 768w, https:\/\/uncav-vienna.org\/wp-content\/uploads\/2018\/04\/I.E.-Botschafterin-Lourdes-Victoria-Kruse-1.jpg 800w\" sizes=\"(max-width: 300px) 100vw, 300px\" \/><\/p>\n<p>Wien\/Santo Domingo. Aus Anlass des 174. Jahrestages der Unabh\u00e4ngigkeit der Dominikanischen Republik und der Aufnahme diplomatischer Beziehungen zu \u00d6sterreich, die vor 80 Jahren stattgefunden hat, gab die Botschafterin der Dominikanischen Republik in \u00d6sterreich, I.E. Lourdes Victoria-Kruse im Rahmen einer Festveranstaltung einen Empfang.<\/p>\n<p>&nbsp;<\/p>\n<p>In ihrer Festansprache gab die Botschafterin einen \u00dcberblick \u00fcber die historische, kulturelle und wirtschaftliche Entwicklung ihres Landes, etwa, dass die erste Landung von Christoph Columbus in der Neuen Welt in ihrem Land war. Das Gebiet der heutigen Hauptstadt war die erste permanente Siedlung in Amerika mit der ersten Kathedrale, einem Krankenhaus, einer Universit\u00e4t, einem Kloster und vielem anderen. Von hier aus dehnten die Spanier ihre Kolonialherrschaft aus.<\/p>\n<p>Der Name des Staates leitet sich von der Hauptstadt Santo Domingo ab, die wiederum nach dem Gr\u00fcnder des Dominikanerordens, dem heiligen Dominikus benannt ist.<\/p>\n<p>&nbsp;<\/p>\n<p>Im Jahr <strong>1822 <\/strong>wurde das Koloniegebiet durch\u00a0Haiti\u00a0erobert.<\/p>\n<p>Die Unabh\u00e4ngigkeit von Haiti wurde 1844 durch eine Bewegung junger Patrioten, angef\u00fchrt von Juan Pablo Duarte, erreicht.<\/p>\n<p>Das Land durchlebte eine politisch sehr bewegte Geschichte, von <strong>Rafael Leonidas Trujillo Molina\u2019s Diktatur(1930-1960)<\/strong> bis zur ausl\u00e4ndischen Milit\u00e4rintervention und Besatzung und einem B\u00fcrgerkrieg. Heute ist das Land wirtschaftlich gut abgesichert und politisch stabil und auch Mitglied in allen wichtigen internationalen Organisationen.<\/p>\n<p>&nbsp;<\/p>\n<p>Die Dominikanische Republik steht auch f\u00fcr die Wahl als nichtst\u00e4ndiges Mitglied des UN-Sicherheitsrats f\u00fcr 2019-2020 zur Verf\u00fcgung, um den Beitrag zu Frieden und Sicherheit zu verst\u00e4rken, was die Teilnahme an mehreren wichtigen politischen Missionen der Vereinten Nationen einschlie\u00dft.<\/p>\n<p>&nbsp;<\/p>\n<p>Wirtschaftlich profitieren viele Unternehmen in der Dominikanischen Republik aufgrund eines Netzes von Pr\u00e4ferenzhandelsabkommen, die ihnen durch f\u00fcnf Handelsabkommen, darunter mit der Europ\u00e4ischen Union und den USA, einen bevorzugten Zugang zu mehr als 900 Millionen Verbrauchern verschaffen. Das Handelsvolumen zwischen \u00d6sterreich und der Dominikanischen Republik lag im Jahr 2016 bei 34 Mio Euro.<\/p>\n<p>&nbsp;<\/p>\n<p>2016 konnte ein beachtliches Wirtschaftswachstum von 6,6 % erzielt werden, dass wohl weltweit im Spitzenfeld lag. Der Anstieg wurde vor allem durch die sehr gute Entwicklung im Tourismus erzielt. Im diesem Jahr besuchten 6,6 Mio. Touristen den Karibikstaat, was einem neuen Rekordzuwachs von 11 % entspricht.<\/p>\n<p>&nbsp;<\/p>\n<p>Nach dem ersten Jahr der zweiten Amtsperiode genie\u00dft Pr\u00e4sident Danilo Medina weiterhin gro\u00dfe Beliebtheit unter der Bev\u00f6lkerung. Medina wird vor allem wegen seiner sozialen Programme und der guten Wirtschaftszahlen anerkannt. Unter seiner Amtsf\u00fchrung flie\u00dfen 50 % der Ausgaben in Bildung, Gesundheitsvorsorge, Landwirtschaft und werden zur Unterst\u00fctzung von kleineren und mittleren Unternehmen verwendet.<\/p>\n<p>&nbsp;<\/p>\n<p>Die bilateralen Beziehungen zu \u00d6sterreich haben eine lange Geschichte. Sie begannen 1890 mit der Ernennung des ersten Honorarkonsuls. Im Jahr 1938 wurde der erste dominikanische Botschafter akkreditiert.<\/p>\n<p>Im Jahr 2005 wurde der erster St\u00e4ndiger Vertreter der Dominikanischen Republik bei den Internationalen Organisationen in Wien, S.E. Ram\u00f3n Qui\u00f1\u00f3nes, ernannt, und im Jahr 2007 wurde er auch zum st\u00e4ndigen bilateralen Botschafter ernannt. Seit 4.Juli 2017 f\u00fchrt Botschafterin <strong>Victoria<\/strong>-Kruse die Amtsgesch\u00e4fte.<\/p>\n<p>Ein Anliegen von Botschafterin<strong> Victoria<\/strong>-Kruse ist es, die guten Beziehungen zwischen beiden L\u00e4ndern weiter zu vertiefen, insbesondere in den Bereichen <strong>Bildung, <\/strong>Handelsbeziehungen und Technologietransfer.<\/p>\n<p>&nbsp;<\/p>\n<p>Kooperationen mit multilateralen Organisationen und bilateralen Partnern erg\u00e4nzen das \u00f6sterr. Engagement.<\/p>\n<p>&nbsp;<\/p>\n","protected":false},"excerpt":{"rendered":"<p>80 Jahre Diplomatische Beziehungen mit \u00d6sterreich Wien\/Santo Domingo. Aus Anlass des 174. Jahrestages der Unabh\u00e4ngigkeit der Dominikanischen Republik und der<\/p>\n","protected":false},"author":1,"featured_media":17138,"comment_status":"closed","ping_status":"closed","sticky":false,"template":"","format":"standard","meta":{"footnotes":""},"categories":[2,6],"tags":[],"_links":{"self":[{"href":"https:\/\/uncav-vienna.org\/index.php?rest_route=\/wp\/v2\/posts\/17137"}],"collection":[{"href":"https:\/\/uncav-vienna.org\/index.php?rest_route=\/wp\/v2\/posts"}],"about":[{"href":"https:\/\/uncav-vienna.org\/index.php?rest_route=\/wp\/v2\/types\/post"}],"author":[{"embeddable":true,"href":"https:\/\/uncav-vienna.org\/index.php?rest_route=\/wp\/v2\/users\/1"}],"replies":[{"embeddable":true,"href":"https:\/\/uncav-vienna.org\/index.php?rest_route=%2Fwp%2Fv2%2Fcomments&post=17137"}],"version-history":[{"count":0,"href":"https:\/\/uncav-vienna.org\/index.php?rest_route=\/wp\/v2\/posts\/17137\/revisions"}],"wp:featuredmedia":[{"embeddable":true,"href":"https:\/\/uncav-vienna.org\/index.php?rest_route=\/wp\/v2\/media\/17138"}],"wp:attachment":[{"href":"https:\/\/uncav-vienna.org\/index.php?rest_route=%2Fwp%2Fv2%2Fmedia&parent=17137"}],"wp:term":[{"taxonomy":"category","embeddable":true,"href":"https:\/\/uncav-vienna.org\/index.php?rest_route=%2Fwp%2Fv2%2Fcategories&post=17137"},{"taxonomy":"post_tag","embeddable":true,"href":"https:\/\/uncav-vienna.org\/index.php?rest_route=%2Fwp%2Fv2%2Ftags&post=17137"}],"curies":[{"name":"wp","href":"https:\/\/api.w.org\/{rel}","templated":true}]}}