{"id":17134,"date":"2018-03-31T09:14:10","date_gmt":"2018-03-31T09:14:10","guid":{"rendered":"http:\/\/www.uncav-vienna.org\/?p=17134"},"modified":"2018-03-31T09:14:10","modified_gmt":"2018-03-31T09:14:10","slug":"slatin-pascha-wiener-osterreichischer-und-britischer-offizier-pascha-gouverneur-und-sir-das-leben-als-abenteuer","status":"publish","type":"post","link":"https:\/\/uncav-vienna.org\/?p=17134","title":{"rendered":"Slatin Pascha \u2013 Wiener , \u00f6sterreichischer und britischer Offizier, Pascha, Gouverneur  und Sir. Das Leben als Abenteuer"},"content":{"rendered":"<p><img loading=\"lazy\" decoding=\"async\" class=\"size-medium wp-image-17135 alignleft\" src=\"http:\/\/uncav-vienna.org\/wp-content\/uploads\/2018\/03\/UNCAV-Prasident-Abdalla-Sharief-li-mit-Paul-Slatin-re-300x167.jpg\" alt=\"\" width=\"300\" height=\"167\" srcset=\"https:\/\/uncav-vienna.org\/wp-content\/uploads\/2018\/03\/UNCAV-Prasident-Abdalla-Sharief-li-mit-Paul-Slatin-re-300x167.jpg 300w, https:\/\/uncav-vienna.org\/wp-content\/uploads\/2018\/03\/UNCAV-Prasident-Abdalla-Sharief-li-mit-Paul-Slatin-re-768x427.jpg 768w, https:\/\/uncav-vienna.org\/wp-content\/uploads\/2018\/03\/UNCAV-Prasident-Abdalla-Sharief-li-mit-Paul-Slatin-re.jpg 800w\" sizes=\"(max-width: 300px) 100vw, 300px\" \/>Rudolf Slatin, geboren am 7.Juni 1857 in Wien sollte ein Leben voller Abenteuer f\u00fchren: mit 17 Jahren ging er als Buchhandelsgehilfe nach Kairo, von dort aus bereiste er sp\u00e4ter den Sudan. 1877 erhielt er die Einberufung zur k.u.k.Armee, wo er als Leutnant im 19.Infantrieregiment diente. 1879 wurde Slatin von Gordon Pascha als \u00e4gyptischer Offizier in den Sudan gerufen und stieg dort zum Gouverneur der gesamten Gro\u00dfprovinz Darfur auf. 1883 geriet er in die Gefangenschaft des Mahdis Muhammad Ahmed und verbrachte zw\u00f6lf Jahre als Sklave des Nachfolgers des Mahdi, 1895 gelang ihm eine abenteuerliche Flucht zu den anglo-\u00e4gyptischen Truppen, im gleichen Jahr wurde Slatin in Kairo durch den Khediven von \u00c4gypten zum Pascha erhoben und zum Oberst der \u00e4gyptischen Armee bef\u00f6rdert.<\/p>\n<p>Nach der R\u00fcckeroberung des Sudan wurde Slatin von K\u00f6nigin Victoria zum Kommandeur des <em>\u201eOrder of St. Michael and St. George\u201c <\/em>ernannt und damit in den britischen Adelsstand erhoben; gleichzeitig wurde er zum Colonel bef\u00f6rdert. \u00a0Am 25. September 1900 erfolgte die Ernennung zum britischen Generalinspektor im Sudan. Dies blieb er bis 1914. 1899 wurde Slatin von Kaiser Franz Joseph I. in den \u00f6sterreichischen Ritterstand erhoben und 1906 in den Freiherrnstand.<\/p>\n<p>Slatin heiratete am 21. Juni 1914 in der Wiener Votivkirche die 16 Jahre j\u00fcngere Baronesse Alice von Ramberg, sie starb im Juni 1921 an Krebs und hinterlie\u00df ihm die 1916 geborenen Tochter Anne Marie. Slatin verstarb am 4.Oktober 1932 in Wien an den Folgen eines Krebsleidens, sein Begr\u00e4bnis auf dem St.Veiter Friedhof glich einem Staatsbegr\u00e4bnis.<\/p>\n<p>In einem Festakt am 15.M\u00e4rz 2018 in der Bezirksvorstehung Hietzing gedachte man anl\u00e4\u00dflich des 160.Geburtstages im Beisein seines Gro\u00dfneffen, Dipl.Ing.Paul Slatin, Pr\u00e4sident der \u00d6sterreichisch-sudanesischen Gesellschaft, des ber\u00fchmten Wieners: der Historiker und Autor Dr.Robert-Tarek Fischer sprach zum Thema \u201e\u00d6sterreich im Nahen Osten\u201c, Bezirksvorsteherin Mag.Silke Kobald las aus dem neuaufgelegten Buch von Slatin Pascha\u00a0 \u201eFeuer und Schwert im Sudan\u201c und die Redakteurin und Nahostexpertin Dr.Gudrun Harrer referierte zum Thema \u201eDie Ahnen des Islamischen Staates \u2013 der \u00d6sterreicher Slatin Pascha und der Mahdi-Aufstand\u201c.<\/p>\n<p>Unter den zahlreichen Ehreng\u00e4sten war auch UNCAV-Pr\u00e4sident DI Abdalla Sharief, er\u00a0 verwies in einem statement\u00a0 auf die historische Bedeutung dieser einzigartigen Pers\u00f6nlichkeit in den Beziehungen zwischen \u00d6sterreich und dem Sudan.<\/p>\n","protected":false},"excerpt":{"rendered":"<p>Rudolf Slatin, geboren am 7.Juni 1857 in Wien sollte ein Leben voller Abenteuer f\u00fchren: mit 17 Jahren ging er als<\/p>\n","protected":false},"author":1,"featured_media":17135,"comment_status":"closed","ping_status":"closed","sticky":false,"template":"","format":"standard","meta":{"footnotes":""},"categories":[2,6],"tags":[],"_links":{"self":[{"href":"https:\/\/uncav-vienna.org\/index.php?rest_route=\/wp\/v2\/posts\/17134"}],"collection":[{"href":"https:\/\/uncav-vienna.org\/index.php?rest_route=\/wp\/v2\/posts"}],"about":[{"href":"https:\/\/uncav-vienna.org\/index.php?rest_route=\/wp\/v2\/types\/post"}],"author":[{"embeddable":true,"href":"https:\/\/uncav-vienna.org\/index.php?rest_route=\/wp\/v2\/users\/1"}],"replies":[{"embeddable":true,"href":"https:\/\/uncav-vienna.org\/index.php?rest_route=%2Fwp%2Fv2%2Fcomments&post=17134"}],"version-history":[{"count":0,"href":"https:\/\/uncav-vienna.org\/index.php?rest_route=\/wp\/v2\/posts\/17134\/revisions"}],"wp:featuredmedia":[{"embeddable":true,"href":"https:\/\/uncav-vienna.org\/index.php?rest_route=\/wp\/v2\/media\/17135"}],"wp:attachment":[{"href":"https:\/\/uncav-vienna.org\/index.php?rest_route=%2Fwp%2Fv2%2Fmedia&parent=17134"}],"wp:term":[{"taxonomy":"category","embeddable":true,"href":"https:\/\/uncav-vienna.org\/index.php?rest_route=%2Fwp%2Fv2%2Fcategories&post=17134"},{"taxonomy":"post_tag","embeddable":true,"href":"https:\/\/uncav-vienna.org\/index.php?rest_route=%2Fwp%2Fv2%2Ftags&post=17134"}],"curies":[{"name":"wp","href":"https:\/\/api.w.org\/{rel}","templated":true}]}}