{"id":17125,"date":"2018-03-12T16:24:57","date_gmt":"2018-03-12T16:24:57","guid":{"rendered":"http:\/\/www.uncav-vienna.org\/?p=17125"},"modified":"2018-03-12T16:24:57","modified_gmt":"2018-03-12T16:24:57","slug":"uncav-prasident-abdalla-sharief-strebt-kooperation-mit-international-vernetztem-bayernbund-an","status":"publish","type":"post","link":"https:\/\/uncav-vienna.org\/?p=17125","title":{"rendered":"UNCAV &#8211; Pr\u00e4sident Abdalla Sharief strebt Kooperation mit international vernetztem Bayernbund an!"},"content":{"rendered":"<p><strong>Umsetzung gemeinsamer Projekte zur St\u00e4rkung der afrikanischen Wirtschaft <\/strong><\/p>\n<p><strong>Durch Bayrisches Know-how Arbeitspl\u00e4tze in Afrika schaffen <\/strong><\/p>\n<p><strong>Dadurch Migrationsstr\u00f6me reduzieren<\/strong><\/p>\n<p><a href=\"http:\/\/uncav-vienna.org\/wp-content\/uploads\/2018\/03\/English-1.pdf\">English<\/a><\/p>\n<p><a href=\"http:\/\/uncav-vienna.org\/wp-content\/uploads\/2018\/03\/Deutsch-1.pdf\">Deutsch<\/a><\/p>\n<p><img loading=\"lazy\" decoding=\"async\" class=\"alignnone wp-image-17128 size-large\" src=\"http:\/\/uncav-vienna.org\/wp-content\/uploads\/2018\/03\/Bayernbund-2-1-1024x683.jpg\" alt=\"\" width=\"800\" height=\"534\" srcset=\"https:\/\/uncav-vienna.org\/wp-content\/uploads\/2018\/03\/Bayernbund-2-1-1024x683.jpg 1024w, https:\/\/uncav-vienna.org\/wp-content\/uploads\/2018\/03\/Bayernbund-2-1-300x200.jpg 300w, https:\/\/uncav-vienna.org\/wp-content\/uploads\/2018\/03\/Bayernbund-2-1-768x512.jpg 768w, https:\/\/uncav-vienna.org\/wp-content\/uploads\/2018\/03\/Bayernbund-2-1-1536x1024.jpg 1536w, https:\/\/uncav-vienna.org\/wp-content\/uploads\/2018\/03\/Bayernbund-2-1-2048x1365.jpg 2048w\" sizes=\"(max-width: 800px) 100vw, 800px\" \/>Die Korrespondentenvereinigung der Vereinten Nationen in Wien (UNCAV) ist eine unabh\u00e4ngige, keinen politischen, religi\u00f6sen oder wirtschaftlichen Institutionen verpflichtete Organisation, die im Sinne der UNO v\u00f6lkerverbindend agiert und international vernetzt ist.<\/p>\n<p>UNCAV-Pr\u00e4sident Abdalla Sharief und der Bayernbund pflegen seit ein paar Jahren einen entfernten Kontakt. Im vergangen Jahr kam es allerdings auf Einladung von Sharief zu einem ersten engeren Kontakt\u00a0 bei einer UNOGeneralversammlung in Wien. Bei einem Gegenbesuch in Rosenheim wurden erste Abstimmungsgespr\u00e4che hinsichtlich einer Kooperation zwischen der Korrespondentenvereinigung in Wien und dem bayrischen Verein \u201eHandwerker f\u00fcr Darfur\u201c gef\u00fchrt. Dieser Verein arbeitet mit sudanesischen NichtRegierungsorganisationen (NGO) zusammen, die von Krieg, Vertreibung\u00a0 und Gewalt betroffenen jungen Menschen helfen, einen handwerklichen Beruf zu erlernen, um ihnen eine Zukunftsperspektive bieten zu k\u00f6nnen.<\/p>\n<p>Ebenso soll auch eine \u201edeutsch-sudanesische Kooperation\u201c in Form von 10t\u00e4gigen Fortbildungen f\u00fcr Diplompsychologinnen und \u00c4rztinnen bzw. Psychiaterinnen mit Schwerpunkt Traumafolgest\u00f6rungen unterst\u00fctzt werden. Interessierte sudanesische Kolleginnen k\u00f6nnen in diesem speziellen Fachgebiet h\u00f6her qualifiziert werden.<\/p>\n<p>Die UNCAV m\u00f6chte durch ihre internationale Vernetzung einigen afrikanischen Staaten ihr Netzwerk zu all diesen Partner bzw. NGO\u00b4s zur Verf\u00fcgung stellen. An einer Kooperation mit dem Bayernbund wird diesbez\u00fcglich derzeit akribisch gearbeitet. \u201eEs sollen gezielte Projekte in Kooperation mit bayrischen Konzernen und Unternehmen umgesetzt und bayrisches Know-how nach Afrika \u00fcbertragen werden,\u00a0 um eine Berufsausbildung in Praxis und Theorie (Berufsschulen) zu etablieren.<\/p>\n<p>Die Zusammenarbeit wird vor allem mit bereits in Afrika t\u00e4tigen Organisationen und Experten sowie Universit\u00e4ten angestrebt\u201c, informiert Pr\u00e4sident Abdalla Sharief. Durch Entwicklungshilfe vor Ort und der damit verbundenen Zukunftsperspektiven f\u00fcr junge Menschen werden auch Fl\u00fcchtlingsstr\u00f6me Richtung Europa reduziert, so Sharief abschlie\u00dfend, der davon \u00fcberzeugt ist, dass alle Partner von diesen gemeinsamen Erfahrungen und Erkenntnissen profitieren werden.<\/p>\n","protected":false},"excerpt":{"rendered":"<p>Umsetzung gemeinsamer Projekte zur St\u00e4rkung der afrikanischen Wirtschaft Durch Bayrisches Know-how Arbeitspl\u00e4tze in Afrika schaffen Dadurch Migrationsstr\u00f6me reduzieren English Deutsch<\/p>\n","protected":false},"author":1,"featured_media":17121,"comment_status":"closed","ping_status":"closed","sticky":false,"template":"","format":"standard","meta":{"footnotes":""},"categories":[2,6],"tags":[],"_links":{"self":[{"href":"https:\/\/uncav-vienna.org\/index.php?rest_route=\/wp\/v2\/posts\/17125"}],"collection":[{"href":"https:\/\/uncav-vienna.org\/index.php?rest_route=\/wp\/v2\/posts"}],"about":[{"href":"https:\/\/uncav-vienna.org\/index.php?rest_route=\/wp\/v2\/types\/post"}],"author":[{"embeddable":true,"href":"https:\/\/uncav-vienna.org\/index.php?rest_route=\/wp\/v2\/users\/1"}],"replies":[{"embeddable":true,"href":"https:\/\/uncav-vienna.org\/index.php?rest_route=%2Fwp%2Fv2%2Fcomments&post=17125"}],"version-history":[{"count":0,"href":"https:\/\/uncav-vienna.org\/index.php?rest_route=\/wp\/v2\/posts\/17125\/revisions"}],"wp:featuredmedia":[{"embeddable":true,"href":"https:\/\/uncav-vienna.org\/index.php?rest_route=\/wp\/v2\/media\/17121"}],"wp:attachment":[{"href":"https:\/\/uncav-vienna.org\/index.php?rest_route=%2Fwp%2Fv2%2Fmedia&parent=17125"}],"wp:term":[{"taxonomy":"category","embeddable":true,"href":"https:\/\/uncav-vienna.org\/index.php?rest_route=%2Fwp%2Fv2%2Fcategories&post=17125"},{"taxonomy":"post_tag","embeddable":true,"href":"https:\/\/uncav-vienna.org\/index.php?rest_route=%2Fwp%2Fv2%2Ftags&post=17125"}],"curies":[{"name":"wp","href":"https:\/\/api.w.org\/{rel}","templated":true}]}}