{"id":17112,"date":"2018-03-07T14:32:31","date_gmt":"2018-03-07T14:32:31","guid":{"rendered":"http:\/\/www.uncav-vienna.org\/?p=17112"},"modified":"2018-03-07T14:32:31","modified_gmt":"2018-03-07T14:32:31","slug":"ursula-hofmeister-wird-neue-programmchefin-von-orf-radio-burgenland","status":"publish","type":"post","link":"https:\/\/uncav-vienna.org\/?p=17112","title":{"rendered":"Ursula Hofmeister wird neue Programmchefin von ORF-Radio Burgenland"},"content":{"rendered":"<p><img loading=\"lazy\" decoding=\"async\" class=\"size-medium wp-image-16981 alignleft\" src=\"http:\/\/uncav-vienna.org\/wp-content\/uploads\/2017\/10\/Ursula-Hofmeister-1-1-300x234.png\" alt=\"\" width=\"300\" height=\"234\" srcset=\"https:\/\/uncav-vienna.org\/wp-content\/uploads\/2017\/10\/Ursula-Hofmeister-1-1-300x234.png 300w, https:\/\/uncav-vienna.org\/wp-content\/uploads\/2017\/10\/Ursula-Hofmeister-1-1.png 400w\" sizes=\"(max-width: 300px) 100vw, 300px\" \/>Ab 1. April 2018 wird die 44-J\u00e4hrige nieder\u00f6sterreichische ORF-Journalistin und Vizepr\u00e4sidentin der UNCAV Programmchefin von Radio Burgenland. Hofmeister war bislang Redakteurin im ORF-Landesstudio Nieder\u00f6sterreich. Sie folgt Gaby Schwarz nach, die im Vorjahr f\u00fcr die \u00d6VP in den Nationalrat eingezogen ist. Die erfahrene Radioprogramm-Macherin wurde von Dr. Alexander Wrabetz f\u00fcr diese wichtige Funktion bei Radio Burgenland bestellt. Die studierte Kommunikations- und Politikwissenschafterin absolvierte mehrere Stationen als Redakteurin, sowohl im ORF als auch bei der Tageszeitung \u201e\u00d6sterreich\u201c, dem ober\u00f6sterreichischen \u201eLife-Radio\u201c als auch im ORF-Landesstudio Nieder\u00f6sterreich, wo sie zuletzt als Moderatorin und Redakteurin von \u201eGuten Morgen\u201c \u00d6sterreich t\u00e4tig war. Im Jahr 2017 erhielt Ursula Hofmeister den \u201ePlan Medienpreis f\u00fcr Kinderrechte\u201c.<\/p>\n<p>Die Korrespondentenvereinigung der Vereinten Nationen (UNCAV)\u00a0gratuliert ihr aufs herzlichste f\u00fcr diese verantwortungsvolle\u00a0Funktion und\u00a0zeigt sich \u00fcber diese Entscheidung\u00a0\u00a0sehr erfreut bzw.\u00a0ist davon \u00fcberzeugt, dass mit Ursula\u00a0Hofmeister eine bestens geeignete und hoch qualifizierte Journalistin f\u00fcr diese wichtige Funktion bei Radio Burgenland ausgew\u00e4hlt wurde.<\/p>\n","protected":false},"excerpt":{"rendered":"<p>Ab 1. April 2018 wird die 44-J\u00e4hrige nieder\u00f6sterreichische ORF-Journalistin und Vizepr\u00e4sidentin der UNCAV Programmchefin von Radio Burgenland. Hofmeister war bislang<\/p>\n","protected":false},"author":1,"featured_media":16976,"comment_status":"closed","ping_status":"closed","sticky":false,"template":"","format":"standard","meta":{"footnotes":""},"categories":[2,6],"tags":[],"_links":{"self":[{"href":"https:\/\/uncav-vienna.org\/index.php?rest_route=\/wp\/v2\/posts\/17112"}],"collection":[{"href":"https:\/\/uncav-vienna.org\/index.php?rest_route=\/wp\/v2\/posts"}],"about":[{"href":"https:\/\/uncav-vienna.org\/index.php?rest_route=\/wp\/v2\/types\/post"}],"author":[{"embeddable":true,"href":"https:\/\/uncav-vienna.org\/index.php?rest_route=\/wp\/v2\/users\/1"}],"replies":[{"embeddable":true,"href":"https:\/\/uncav-vienna.org\/index.php?rest_route=%2Fwp%2Fv2%2Fcomments&post=17112"}],"version-history":[{"count":0,"href":"https:\/\/uncav-vienna.org\/index.php?rest_route=\/wp\/v2\/posts\/17112\/revisions"}],"wp:featuredmedia":[{"embeddable":true,"href":"https:\/\/uncav-vienna.org\/index.php?rest_route=\/wp\/v2\/media\/16976"}],"wp:attachment":[{"href":"https:\/\/uncav-vienna.org\/index.php?rest_route=%2Fwp%2Fv2%2Fmedia&parent=17112"}],"wp:term":[{"taxonomy":"category","embeddable":true,"href":"https:\/\/uncav-vienna.org\/index.php?rest_route=%2Fwp%2Fv2%2Fcategories&post=17112"},{"taxonomy":"post_tag","embeddable":true,"href":"https:\/\/uncav-vienna.org\/index.php?rest_route=%2Fwp%2Fv2%2Ftags&post=17112"}],"curies":[{"name":"wp","href":"https:\/\/api.w.org\/{rel}","templated":true}]}}